{"id":508,"date":"2026-08-05T16:54:38","date_gmt":"2026-08-05T19:54:38","guid":{"rendered":"https:\/\/ctg.ufsm.br\/?p=508"},"modified":"2026-08-05T16:54:38","modified_gmt":"2026-08-05T19:54:38","slug":"congresso-usp","status":"publish","type":"post","link":"https:\/\/ctg.ufsm.br\/?p=508","title":{"rendered":"CONGRESSO USP"},"content":{"rendered":"\n<p class=\"wp-block-paragraph\">      Os dias 22, 23 e 24 de julho marcaram mais uma participa\u00e7\u00e3o do Grupo de Pesquisa CTG em um importante evento cient\u00edfico.  Na ocasi\u00e3o, o pesquisador Ricardo dos Santos Cardoso apresentou o trabalho &#8220;Ci\u00eancia de Dados e Contabilidade no Brasil: Entre a Expans\u00e3o Tecnol\u00f3gica e o Desafio Curricular&#8221;, desenvolvido em coautoria com Luis Felipe Dias, durante o <strong>26\u00ba USP International Conference on Accounting<\/strong>. <\/p>\n\n\n\n<p class=\"wp-block-paragraph\"><\/p>\n\n\n\n\n\n<p class=\"wp-block-paragraph\">     Durante o evento, o congressista p\u00f4de vivenciar o interc\u00e2mbio de conhecimentos nas \u00e1reas de Contabilidade, Controladoria e Atu\u00e1ria, por meio de palestras ministradas por pesquisadores nacionais e internacionais e das discuss\u00f5es decorrentes desses momentos.<\/p>\n\n\n\n<p class=\"wp-block-paragraph\">     Nas palavras do colega: <\/p>\n\n\n\n\n\n<p class=\"wp-block-paragraph\">   A participa\u00e7\u00e3o no congresso representa mais uma iniciativa do Grupo de Pesquisa CTG na busca pela qualifica\u00e7\u00e3o da produ\u00e7\u00e3o cient\u00edfica, da divulga\u00e7\u00e3o do conhecimento e pelo fortalecimento das discuss\u00f5es acad\u00eamicas na \u00e1rea cont\u00e1bil.<\/p>\n\n\n","protected":false},"excerpt":{"rendered":"<p>Os dias 22, 23 e 24 de julho marcaram mais uma participa\u00e7\u00e3o do Grupo de Pesquisa CTG em um importante evento cient\u00edfico. Na ocasi\u00e3o, o pesquisador Ricardo dos Santos Cardoso apresentou o trabalho &#8220;Ci\u00eancia de Dados e Contabilidade no Brasil: Entre a Expans\u00e3o Tecnol\u00f3gica e o Desafio Curricular&#8221;, desenvolvido em coautoria com Luis Felipe Dias, [&hellip;]<\/p>\n","protected":false},"author":3,"featured_media":0,"comment_status":"open","ping_status":"open","sticky":false,"template":"","format":"standard","meta":{"saved_in_kubio":false,"footnotes":""},"categories":[1],"tags":[],"class_list":["post-508","post","type-post","status-publish","format-standard","hentry","category-uncategorized"],"_links":{"self":[{"href":"https:\/\/ctg.ufsm.br\/index.php?rest_route=\/wp\/v2\/posts\/508","targetHints":{"allow":["GET"]}}],"collection":[{"href":"https:\/\/ctg.ufsm.br\/index.php?rest_route=\/wp\/v2\/posts"}],"about":[{"href":"https:\/\/ctg.ufsm.br\/index.php?rest_route=\/wp\/v2\/types\/post"}],"author":[{"embeddable":true,"href":"https:\/\/ctg.ufsm.br\/index.php?rest_route=\/wp\/v2\/users\/3"}],"replies":[{"embeddable":true,"href":"https:\/\/ctg.ufsm.br\/index.php?rest_route=%2Fwp%2Fv2%2Fcomments&post=508"}],"version-history":[{"count":1,"href":"https:\/\/ctg.ufsm.br\/index.php?rest_route=\/wp\/v2\/posts\/508\/revisions"}],"predecessor-version":[{"id":517,"href":"https:\/\/ctg.ufsm.br\/index.php?rest_route=\/wp\/v2\/posts\/508\/revisions\/517"}],"wp:attachment":[{"href":"https:\/\/ctg.ufsm.br\/index.php?rest_route=%2Fwp%2Fv2%2Fmedia&parent=508"}],"wp:term":[{"taxonomy":"category","embeddable":true,"href":"https:\/\/ctg.ufsm.br\/index.php?rest_route=%2Fwp%2Fv2%2Fcategories&post=508"},{"taxonomy":"post_tag","embeddable":true,"href":"https:\/\/ctg.ufsm.br\/index.php?rest_route=%2Fwp%2Fv2%2Ftags&post=508"}],"curies":[{"name":"wp","href":"https:\/\/api.w.org\/{rel}","templated":true}]}}